{"id":49867,"date":"2025-05-30T10:12:47","date_gmt":"2025-05-30T08:12:47","guid":{"rendered":"https:\/\/audibax.com\/?p=49867"},"modified":"2025-05-30T10:12:48","modified_gmt":"2025-05-30T08:12:48","slug":"reusittes-ecole-de-musique-entretempo","status":"publish","type":"post","link":"https:\/\/audibax.com\/fr\/2025\/05\/30\/reusittes-ecole-de-musique-entretempo\/","title":{"rendered":"R\u00c9USITTES: \u00c9COLE DE MUSIQUE ENTRETEMPO"},"content":{"rendered":"\n<figure class=\"wp-block-image size-large\"><img fetchpriority=\"high\" decoding=\"async\" width=\"1024\" height=\"690\" src=\"https:\/\/audibax.com\/wp-content\/uploads\/2025\/05\/IMG_2605-1-1024x690.jpeg\" alt=\"\" class=\"wp-image-49868\" srcset=\"https:\/\/audibax.com\/wp-content\/uploads\/2025\/05\/IMG_2605-1-1024x690.jpeg 1024w, https:\/\/audibax.com\/wp-content\/uploads\/2025\/05\/IMG_2605-1-768x517.jpeg 768w, https:\/\/audibax.com\/wp-content\/uploads\/2025\/05\/IMG_2605-1-1536x1035.jpeg 1536w, https:\/\/audibax.com\/wp-content\/uploads\/2025\/05\/IMG_2605-1-2048x1380.jpeg 2048w, https:\/\/audibax.com\/wp-content\/uploads\/2025\/05\/IMG_2605-1-300x202.jpeg 300w, https:\/\/audibax.com\/wp-content\/uploads\/2025\/05\/IMG_2605-1-600x404.jpeg 600w\" sizes=\"(max-width: 1024px) 100vw, 1024px\" \/><\/figure>\n\n\n\n<p><strong>Entreprise :<\/strong> \u00c9cole de Musique Entretempo<\/p>\n\n\n\n<p><strong>Lieu:<\/strong> Tres Cantos, Madrid<\/p>\n\n\n\n<p>Entretempo est une \u00e9cole de musique situ\u00e9e \u00e0 Tres Cantos, Madrid, o\u00f9 ils proposent des cours de diff\u00e9rents instruments ainsi que des s\u00e9ances de musique et mouvement. Cette derni\u00e8re activit\u00e9 se d\u00e9roule dans la plus grande salle et est con\u00e7ue pour initier les enfants \u00e0 la musique \u00e0 travers le jeu, le plaisir et l\u2019expression corporelle. Chez Entretempo, ils consid\u00e8rent la musique comme un outil essentiel au d\u00e9veloppement global, car elle stimule les comp\u00e9tences motrices, rythmiques et \u00e9motionnelles.<\/p>\n\n\n\n<p>Entretempo mise sur une \u00e9ducation musicale de proximit\u00e9, cr\u00e9ative et adapt\u00e9e \u00e0 chaque \u00e9tape.<\/p>\n\n\n\n<p><strong><strong>Industrie<\/strong>:<\/strong> \u00c9ducation<\/p>\n\n\n\n<figure class=\"wp-block-image size-large\"><img decoding=\"async\" width=\"1024\" height=\"579\" src=\"https:\/\/audibax.com\/wp-content\/uploads\/2025\/05\/IMG_2607-1-1-1024x579.jpeg\" alt=\"\" class=\"wp-image-49874\" srcset=\"https:\/\/audibax.com\/wp-content\/uploads\/2025\/05\/IMG_2607-1-1-1024x579.jpeg 1024w, https:\/\/audibax.com\/wp-content\/uploads\/2025\/05\/IMG_2607-1-1-768x434.jpeg 768w, https:\/\/audibax.com\/wp-content\/uploads\/2025\/05\/IMG_2607-1-1-1536x869.jpeg 1536w, https:\/\/audibax.com\/wp-content\/uploads\/2025\/05\/IMG_2607-1-1-2048x1158.jpeg 2048w, https:\/\/audibax.com\/wp-content\/uploads\/2025\/05\/IMG_2607-1-1-300x170.jpeg 300w, https:\/\/audibax.com\/wp-content\/uploads\/2025\/05\/IMG_2607-1-1-600x339.jpeg 600w\" sizes=\"(max-width: 1024px) 100vw, 1024px\" \/><\/figure>\n\n\n\n<p><strong><strong>Le D\u00e9fi<\/strong><\/strong><\/p>\n\n\n\n<p>Lors des s\u00e9ances de musique et mouvement, ils avaient besoin d\u2019am\u00e9liorer la qualit\u00e9 sonore de la salle afin de pouvoir utiliser les chansons et les sons de mani\u00e8re fluide. Ils recherchaient une solution qui enrichisse les dynamiques de classe, s\u2019adapte au rythme des enfants et cr\u00e9e un environnement plus immersif. Il \u00e9tait \u00e9galement important de disposer d\u2019un mat\u00e9riel polyvalent, en accord avec le caract\u00e8re ludique et p\u00e9dagogique de l\u2019activit\u00e9.<\/p>\n\n\n\n<p><strong><strong>La Solution<\/strong><\/strong><br>Ils ont install\u00e9 une table de mixage et des enceintes dans la salle de musique et mouvement pour am\u00e9liorer l\u2019exp\u00e9rience sonore pendant les cours. Ce mat\u00e9riel leur permet de travailler avec diff\u00e9rents sons et musiques, en personnalisant chaque s\u00e9ance selon les besoins du groupe. Gr\u00e2ce \u00e0 cette am\u00e9lioration, les activit\u00e9s ont gagn\u00e9 en qualit\u00e9, dynamisme et motivation, favorisant un apprentissage musical plus complet et stimulant.<\/p>\n\n\n\n<figure class=\"wp-block-image size-large\"><img decoding=\"async\" width=\"1024\" height=\"721\" src=\"https:\/\/audibax.com\/wp-content\/uploads\/2025\/05\/IMG_2603-1-1024x721.jpeg\" alt=\"\" class=\"wp-image-49877\" srcset=\"https:\/\/audibax.com\/wp-content\/uploads\/2025\/05\/IMG_2603-1-1024x721.jpeg 1024w, https:\/\/audibax.com\/wp-content\/uploads\/2025\/05\/IMG_2603-1-768x541.jpeg 768w, https:\/\/audibax.com\/wp-content\/uploads\/2025\/05\/IMG_2603-1-1536x1082.jpeg 1536w, https:\/\/audibax.com\/wp-content\/uploads\/2025\/05\/IMG_2603-1-2048x1442.jpeg 2048w, https:\/\/audibax.com\/wp-content\/uploads\/2025\/05\/IMG_2603-1-300x211.jpeg 300w, https:\/\/audibax.com\/wp-content\/uploads\/2025\/05\/IMG_2603-1-600x423.jpeg 600w\" sizes=\"(max-width: 1024px) 100vw, 1024px\" \/><\/figure>\n\n\n\n<figure class=\"wp-block-image size-large\"><img loading=\"lazy\" decoding=\"async\" width=\"1024\" height=\"851\" src=\"https:\/\/audibax.com\/wp-content\/uploads\/2025\/05\/IMG_2604-1-1024x851.jpeg\" alt=\"\" class=\"wp-image-49880\" srcset=\"https:\/\/audibax.com\/wp-content\/uploads\/2025\/05\/IMG_2604-1-1024x851.jpeg 1024w, https:\/\/audibax.com\/wp-content\/uploads\/2025\/05\/IMG_2604-1-768x638.jpeg 768w, https:\/\/audibax.com\/wp-content\/uploads\/2025\/05\/IMG_2604-1-1536x1277.jpeg 1536w, https:\/\/audibax.com\/wp-content\/uploads\/2025\/05\/IMG_2604-1-2048x1702.jpeg 2048w, https:\/\/audibax.com\/wp-content\/uploads\/2025\/05\/IMG_2604-1-300x249.jpeg 300w, https:\/\/audibax.com\/wp-content\/uploads\/2025\/05\/IMG_2604-1-600x499.jpeg 600w\" sizes=\"(max-width: 1024px) 100vw, 1024px\" \/><\/figure>\n\n\n\n<p><strong><strong><strong>\u00c9quipements install\u00e9s :<\/strong><\/strong><\/strong><\/p>\n\n\n\n<ul class=\"wp-block-list\">\n<li>5x <a href=\"https:\/\/audibax.com\/fr\/produit\/kb500-black-2\/\">Audibax KB500B<\/a><\/li>\n\n\n\n<li>1x <a href=\"https:\/\/audibax.com\/fr\/produit\/dt10-black-2\/\">Audibax DT10<\/a><\/li>\n\n\n\n<li>4x <a href=\"https:\/\/audibax.com\/fr\/produit\/sp1-black-2\/\">Audibax SP1<\/a><\/li>\n\n\n\n<li>2x <a href=\"https:\/\/audibax.com\/fr\/produit\/dsp8-black-2\/\">Audibax DSP8<\/a><\/li>\n\n\n\n<li>1<a href=\"https:\/\/audibax.com\/fr\/produit\/mg08-usb-black-2\/\">x Audibax MG08<\/a><\/li>\n\n\n\n<li>2x <a href=\"https:\/\/audibax.com\/fr\/produit\/neo-30-black-2\/\">Audibax Neo 30<\/a><\/li>\n<\/ul>\n\n\n\n<figure class=\"wp-block-image size-large\"><img loading=\"lazy\" decoding=\"async\" width=\"1024\" height=\"670\" src=\"https:\/\/audibax.com\/wp-content\/uploads\/2025\/05\/IMG_2601-1-1024x670.jpeg\" alt=\"\" class=\"wp-image-49883\" srcset=\"https:\/\/audibax.com\/wp-content\/uploads\/2025\/05\/IMG_2601-1-1024x670.jpeg 1024w, https:\/\/audibax.com\/wp-content\/uploads\/2025\/05\/IMG_2601-1-768x503.jpeg 768w, https:\/\/audibax.com\/wp-content\/uploads\/2025\/05\/IMG_2601-1-1536x1005.jpeg 1536w, https:\/\/audibax.com\/wp-content\/uploads\/2025\/05\/IMG_2601-1-2048x1340.jpeg 2048w, https:\/\/audibax.com\/wp-content\/uploads\/2025\/05\/IMG_2601-1-300x196.jpeg 300w, https:\/\/audibax.com\/wp-content\/uploads\/2025\/05\/IMG_2601-1-600x393.jpeg 600w\" sizes=\"(max-width: 1024px) 100vw, 1024px\" \/><\/figure>\n","protected":false},"excerpt":{"rendered":"<p>Entreprise : \u00c9cole de Musique Entretempo Lieu: Tres Cantos, Madrid Entretempo est une \u00e9cole de musique situ\u00e9e \u00e0 Tres Cantos, Madrid, o\u00f9 ils proposent des cours de diff\u00e9rents instruments ainsi que des s\u00e9ances de musique et mouvement. Cette derni\u00e8re activit\u00e9 se d\u00e9roule dans la plus grande salle et est con\u00e7ue pour initier les enfants \u00e0 [&hellip;]<\/p>\n","protected":false},"author":2,"featured_media":49871,"comment_status":"open","ping_status":"open","sticky":false,"template":"","format":"standard","meta":{"_acf_changed":false,"footnotes":""},"categories":[233],"tags":[],"class_list":["post-49867","post","type-post","status-publish","format-standard","has-post-thumbnail","hentry","category-non-classifiee"],"acf":[],"yoast_head":"<!-- This site is optimized with the Yoast SEO plugin v27.0 - https:\/\/yoast.com\/product\/yoast-seo-wordpress\/ -->\n<title>R\u00c9USITTES: \u00c9COLE DE MUSIQUE ENTRETEMPO - Audibax<\/title>\n<meta name=\"robots\" content=\"index, follow, max-snippet:-1, max-image-preview:large, max-video-preview:-1\" \/>\n<link rel=\"canonical\" href=\"https:\/\/audibax.com\/fr\/2025\/05\/30\/reusittes-ecole-de-musique-entretempo\/\" \/>\n<meta property=\"og:locale\" content=\"fr_FR\" \/>\n<meta property=\"og:type\" content=\"article\" \/>\n<meta property=\"og:title\" content=\"R\u00c9USITTES: \u00c9COLE DE MUSIQUE ENTRETEMPO - Audibax\" \/>\n<meta property=\"og:description\" content=\"Entreprise : \u00c9cole de Musique Entretempo Lieu: Tres Cantos, Madrid Entretempo est une \u00e9cole de musique situ\u00e9e \u00e0 Tres Cantos, Madrid, o\u00f9 ils proposent des cours de diff\u00e9rents instruments ainsi que des s\u00e9ances de musique et mouvement. Cette derni\u00e8re activit\u00e9 se d\u00e9roule dans la plus grande salle et est con\u00e7ue pour initier les enfants \u00e0 [&hellip;]\" \/>\n<meta property=\"og:url\" content=\"https:\/\/audibax.com\/fr\/2025\/05\/30\/reusittes-ecole-de-musique-entretempo\/\" \/>\n<meta property=\"og:site_name\" content=\"Audibax\" \/>\n<meta property=\"article:published_time\" content=\"2025-05-30T08:12:47+00:00\" \/>\n<meta property=\"article:modified_time\" content=\"2025-05-30T08:12:48+00:00\" \/>\n<meta property=\"og:image\" content=\"https:\/\/audibax.com\/wp-content\/uploads\/2025\/05\/IMG_2605-2-scaled.jpeg\" \/>\n\t<meta property=\"og:image:width\" content=\"2560\" \/>\n\t<meta property=\"og:image:height\" content=\"1724\" \/>\n\t<meta property=\"og:image:type\" content=\"image\/jpeg\" \/>\n<meta name=\"author\" content=\"Sergio\" \/>\n<meta name=\"twitter:card\" content=\"summary_large_image\" \/>\n<meta name=\"twitter:label1\" content=\"\u00c9crit par\" \/>\n\t<meta name=\"twitter:data1\" content=\"Sergio\" \/>\n\t<meta name=\"twitter:label2\" content=\"Dur\u00e9e de lecture estim\u00e9e\" \/>\n\t<meta name=\"twitter:data2\" content=\"3 minutes\" \/>\n<script type=\"application\/ld+json\" class=\"yoast-schema-graph\">{\"@context\":\"https:\/\/schema.org\",\"@graph\":[{\"@type\":\"Article\",\"@id\":\"https:\/\/audibax.com\/fr\/2025\/05\/30\/reusittes-ecole-de-musique-entretempo\/#article\",\"isPartOf\":{\"@id\":\"https:\/\/audibax.com\/fr\/2025\/05\/30\/reusittes-ecole-de-musique-entretempo\/\"},\"author\":{\"name\":\"Sergio\",\"@id\":\"https:\/\/audibax.com\/fr\/#\/schema\/person\/4ab11b37ab91df8d4fa123dc4dd5cb58\"},\"headline\":\"R\u00c9USITTES: \u00c9COLE DE MUSIQUE ENTRETEMPO\",\"datePublished\":\"2025-05-30T08:12:47+00:00\",\"dateModified\":\"2025-05-30T08:12:48+00:00\",\"mainEntityOfPage\":{\"@id\":\"https:\/\/audibax.com\/fr\/2025\/05\/30\/reusittes-ecole-de-musique-entretempo\/\"},\"wordCount\":297,\"commentCount\":0,\"publisher\":{\"@id\":\"https:\/\/audibax.com\/fr\/#organization\"},\"image\":{\"@id\":\"https:\/\/audibax.com\/fr\/2025\/05\/30\/reusittes-ecole-de-musique-entretempo\/#primaryimage\"},\"thumbnailUrl\":\"https:\/\/audibax.com\/wp-content\/uploads\/2025\/05\/IMG_2605-2-scaled.jpeg\",\"articleSection\":[\"Non classifi\u00e9(e)\"],\"inLanguage\":\"fr-FR\",\"potentialAction\":[{\"@type\":\"CommentAction\",\"name\":\"Comment\",\"target\":[\"https:\/\/audibax.com\/fr\/2025\/05\/30\/reusittes-ecole-de-musique-entretempo\/#respond\"]}]},{\"@type\":\"WebPage\",\"@id\":\"https:\/\/audibax.com\/fr\/2025\/05\/30\/reusittes-ecole-de-musique-entretempo\/\",\"url\":\"https:\/\/audibax.com\/fr\/2025\/05\/30\/reusittes-ecole-de-musique-entretempo\/\",\"name\":\"R\u00c9USITTES: \u00c9COLE DE MUSIQUE ENTRETEMPO - Audibax\",\"isPartOf\":{\"@id\":\"https:\/\/audibax.com\/fr\/#website\"},\"primaryImageOfPage\":{\"@id\":\"https:\/\/audibax.com\/fr\/2025\/05\/30\/reusittes-ecole-de-musique-entretempo\/#primaryimage\"},\"image\":{\"@id\":\"https:\/\/audibax.com\/fr\/2025\/05\/30\/reusittes-ecole-de-musique-entretempo\/#primaryimage\"},\"thumbnailUrl\":\"https:\/\/audibax.com\/wp-content\/uploads\/2025\/05\/IMG_2605-2-scaled.jpeg\",\"datePublished\":\"2025-05-30T08:12:47+00:00\",\"dateModified\":\"2025-05-30T08:12:48+00:00\",\"breadcrumb\":{\"@id\":\"https:\/\/audibax.com\/fr\/2025\/05\/30\/reusittes-ecole-de-musique-entretempo\/#breadcrumb\"},\"inLanguage\":\"fr-FR\",\"potentialAction\":[{\"@type\":\"ReadAction\",\"target\":[\"https:\/\/audibax.com\/fr\/2025\/05\/30\/reusittes-ecole-de-musique-entretempo\/\"]}]},{\"@type\":\"ImageObject\",\"inLanguage\":\"fr-FR\",\"@id\":\"https:\/\/audibax.com\/fr\/2025\/05\/30\/reusittes-ecole-de-musique-entretempo\/#primaryimage\",\"url\":\"https:\/\/audibax.com\/wp-content\/uploads\/2025\/05\/IMG_2605-2-scaled.jpeg\",\"contentUrl\":\"https:\/\/audibax.com\/wp-content\/uploads\/2025\/05\/IMG_2605-2-scaled.jpeg\",\"width\":2560,\"height\":1724},{\"@type\":\"BreadcrumbList\",\"@id\":\"https:\/\/audibax.com\/fr\/2025\/05\/30\/reusittes-ecole-de-musique-entretempo\/#breadcrumb\",\"itemListElement\":[{\"@type\":\"ListItem\",\"position\":1,\"name\":\"Portada\",\"item\":\"https:\/\/audibax.com\/fr\/\"},{\"@type\":\"ListItem\",\"position\":2,\"name\":\"R\u00c9USITTES: \u00c9COLE DE MUSIQUE ENTRETEMPO\"}]},{\"@type\":\"WebSite\",\"@id\":\"https:\/\/audibax.com\/fr\/#website\",\"url\":\"https:\/\/audibax.com\/fr\/\",\"name\":\"Audibax\",\"description\":\"\",\"publisher\":{\"@id\":\"https:\/\/audibax.com\/fr\/#organization\"},\"potentialAction\":[{\"@type\":\"SearchAction\",\"target\":{\"@type\":\"EntryPoint\",\"urlTemplate\":\"https:\/\/audibax.com\/fr\/?s={search_term_string}\"},\"query-input\":{\"@type\":\"PropertyValueSpecification\",\"valueRequired\":true,\"valueName\":\"search_term_string\"}}],\"inLanguage\":\"fr-FR\"},{\"@type\":\"Organization\",\"@id\":\"https:\/\/audibax.com\/fr\/#organization\",\"name\":\"Audibax\",\"url\":\"https:\/\/audibax.com\/fr\/\",\"logo\":{\"@type\":\"ImageObject\",\"inLanguage\":\"fr-FR\",\"@id\":\"https:\/\/audibax.com\/fr\/#\/schema\/logo\/image\/\",\"url\":\"https:\/\/audibax.com\/wp-content\/uploads\/2023\/09\/logo-Audibax-BLANCO-SVG-1.svg\",\"contentUrl\":\"https:\/\/audibax.com\/wp-content\/uploads\/2023\/09\/logo-Audibax-BLANCO-SVG-1.svg\",\"caption\":\"Audibax\"},\"image\":{\"@id\":\"https:\/\/audibax.com\/fr\/#\/schema\/logo\/image\/\"}},{\"@type\":\"Person\",\"@id\":\"https:\/\/audibax.com\/fr\/#\/schema\/person\/4ab11b37ab91df8d4fa123dc4dd5cb58\",\"name\":\"Sergio\",\"image\":{\"@type\":\"ImageObject\",\"inLanguage\":\"fr-FR\",\"@id\":\"https:\/\/audibax.com\/fr\/#\/schema\/person\/image\/\",\"url\":\"https:\/\/secure.gravatar.com\/avatar\/09e5e89ed179b61b7bcccb633a7ccccd05b3a570b21ec7c5ef9c27072a98b696?s=96&d=mm&r=g\",\"contentUrl\":\"https:\/\/secure.gravatar.com\/avatar\/09e5e89ed179b61b7bcccb633a7ccccd05b3a570b21ec7c5ef9c27072a98b696?s=96&d=mm&r=g\",\"caption\":\"Sergio\"},\"url\":\"https:\/\/audibax.com\/fr\/author\/sergio\/\"}]}<\/script>\n<!-- \/ Yoast SEO plugin. -->","yoast_head_json":{"title":"R\u00c9USITTES: \u00c9COLE DE MUSIQUE ENTRETEMPO - Audibax","robots":{"index":"index","follow":"follow","max-snippet":"max-snippet:-1","max-image-preview":"max-image-preview:large","max-video-preview":"max-video-preview:-1"},"canonical":"https:\/\/audibax.com\/fr\/2025\/05\/30\/reusittes-ecole-de-musique-entretempo\/","og_locale":"fr_FR","og_type":"article","og_title":"R\u00c9USITTES: \u00c9COLE DE MUSIQUE ENTRETEMPO - Audibax","og_description":"Entreprise : \u00c9cole de Musique Entretempo Lieu: Tres Cantos, Madrid Entretempo est une \u00e9cole de musique situ\u00e9e \u00e0 Tres Cantos, Madrid, o\u00f9 ils proposent des cours de diff\u00e9rents instruments ainsi que des s\u00e9ances de musique et mouvement. Cette derni\u00e8re activit\u00e9 se d\u00e9roule dans la plus grande salle et est con\u00e7ue pour initier les enfants \u00e0 [&hellip;]","og_url":"https:\/\/audibax.com\/fr\/2025\/05\/30\/reusittes-ecole-de-musique-entretempo\/","og_site_name":"Audibax","article_published_time":"2025-05-30T08:12:47+00:00","article_modified_time":"2025-05-30T08:12:48+00:00","og_image":[{"width":2560,"height":1724,"url":"https:\/\/audibax.com\/wp-content\/uploads\/2025\/05\/IMG_2605-2-scaled.jpeg","type":"image\/jpeg"}],"author":"Sergio","twitter_card":"summary_large_image","twitter_misc":{"\u00c9crit par":"Sergio","Dur\u00e9e de lecture estim\u00e9e":"3 minutes"},"schema":{"@context":"https:\/\/schema.org","@graph":[{"@type":"Article","@id":"https:\/\/audibax.com\/fr\/2025\/05\/30\/reusittes-ecole-de-musique-entretempo\/#article","isPartOf":{"@id":"https:\/\/audibax.com\/fr\/2025\/05\/30\/reusittes-ecole-de-musique-entretempo\/"},"author":{"name":"Sergio","@id":"https:\/\/audibax.com\/fr\/#\/schema\/person\/4ab11b37ab91df8d4fa123dc4dd5cb58"},"headline":"R\u00c9USITTES: \u00c9COLE DE MUSIQUE ENTRETEMPO","datePublished":"2025-05-30T08:12:47+00:00","dateModified":"2025-05-30T08:12:48+00:00","mainEntityOfPage":{"@id":"https:\/\/audibax.com\/fr\/2025\/05\/30\/reusittes-ecole-de-musique-entretempo\/"},"wordCount":297,"commentCount":0,"publisher":{"@id":"https:\/\/audibax.com\/fr\/#organization"},"image":{"@id":"https:\/\/audibax.com\/fr\/2025\/05\/30\/reusittes-ecole-de-musique-entretempo\/#primaryimage"},"thumbnailUrl":"https:\/\/audibax.com\/wp-content\/uploads\/2025\/05\/IMG_2605-2-scaled.jpeg","articleSection":["Non classifi\u00e9(e)"],"inLanguage":"fr-FR","potentialAction":[{"@type":"CommentAction","name":"Comment","target":["https:\/\/audibax.com\/fr\/2025\/05\/30\/reusittes-ecole-de-musique-entretempo\/#respond"]}]},{"@type":"WebPage","@id":"https:\/\/audibax.com\/fr\/2025\/05\/30\/reusittes-ecole-de-musique-entretempo\/","url":"https:\/\/audibax.com\/fr\/2025\/05\/30\/reusittes-ecole-de-musique-entretempo\/","name":"R\u00c9USITTES: \u00c9COLE DE MUSIQUE ENTRETEMPO - Audibax","isPartOf":{"@id":"https:\/\/audibax.com\/fr\/#website"},"primaryImageOfPage":{"@id":"https:\/\/audibax.com\/fr\/2025\/05\/30\/reusittes-ecole-de-musique-entretempo\/#primaryimage"},"image":{"@id":"https:\/\/audibax.com\/fr\/2025\/05\/30\/reusittes-ecole-de-musique-entretempo\/#primaryimage"},"thumbnailUrl":"https:\/\/audibax.com\/wp-content\/uploads\/2025\/05\/IMG_2605-2-scaled.jpeg","datePublished":"2025-05-30T08:12:47+00:00","dateModified":"2025-05-30T08:12:48+00:00","breadcrumb":{"@id":"https:\/\/audibax.com\/fr\/2025\/05\/30\/reusittes-ecole-de-musique-entretempo\/#breadcrumb"},"inLanguage":"fr-FR","potentialAction":[{"@type":"ReadAction","target":["https:\/\/audibax.com\/fr\/2025\/05\/30\/reusittes-ecole-de-musique-entretempo\/"]}]},{"@type":"ImageObject","inLanguage":"fr-FR","@id":"https:\/\/audibax.com\/fr\/2025\/05\/30\/reusittes-ecole-de-musique-entretempo\/#primaryimage","url":"https:\/\/audibax.com\/wp-content\/uploads\/2025\/05\/IMG_2605-2-scaled.jpeg","contentUrl":"https:\/\/audibax.com\/wp-content\/uploads\/2025\/05\/IMG_2605-2-scaled.jpeg","width":2560,"height":1724},{"@type":"BreadcrumbList","@id":"https:\/\/audibax.com\/fr\/2025\/05\/30\/reusittes-ecole-de-musique-entretempo\/#breadcrumb","itemListElement":[{"@type":"ListItem","position":1,"name":"Portada","item":"https:\/\/audibax.com\/fr\/"},{"@type":"ListItem","position":2,"name":"R\u00c9USITTES: \u00c9COLE DE MUSIQUE ENTRETEMPO"}]},{"@type":"WebSite","@id":"https:\/\/audibax.com\/fr\/#website","url":"https:\/\/audibax.com\/fr\/","name":"Audibax","description":"","publisher":{"@id":"https:\/\/audibax.com\/fr\/#organization"},"potentialAction":[{"@type":"SearchAction","target":{"@type":"EntryPoint","urlTemplate":"https:\/\/audibax.com\/fr\/?s={search_term_string}"},"query-input":{"@type":"PropertyValueSpecification","valueRequired":true,"valueName":"search_term_string"}}],"inLanguage":"fr-FR"},{"@type":"Organization","@id":"https:\/\/audibax.com\/fr\/#organization","name":"Audibax","url":"https:\/\/audibax.com\/fr\/","logo":{"@type":"ImageObject","inLanguage":"fr-FR","@id":"https:\/\/audibax.com\/fr\/#\/schema\/logo\/image\/","url":"https:\/\/audibax.com\/wp-content\/uploads\/2023\/09\/logo-Audibax-BLANCO-SVG-1.svg","contentUrl":"https:\/\/audibax.com\/wp-content\/uploads\/2023\/09\/logo-Audibax-BLANCO-SVG-1.svg","caption":"Audibax"},"image":{"@id":"https:\/\/audibax.com\/fr\/#\/schema\/logo\/image\/"}},{"@type":"Person","@id":"https:\/\/audibax.com\/fr\/#\/schema\/person\/4ab11b37ab91df8d4fa123dc4dd5cb58","name":"Sergio","image":{"@type":"ImageObject","inLanguage":"fr-FR","@id":"https:\/\/audibax.com\/fr\/#\/schema\/person\/image\/","url":"https:\/\/secure.gravatar.com\/avatar\/09e5e89ed179b61b7bcccb633a7ccccd05b3a570b21ec7c5ef9c27072a98b696?s=96&d=mm&r=g","contentUrl":"https:\/\/secure.gravatar.com\/avatar\/09e5e89ed179b61b7bcccb633a7ccccd05b3a570b21ec7c5ef9c27072a98b696?s=96&d=mm&r=g","caption":"Sergio"},"url":"https:\/\/audibax.com\/fr\/author\/sergio\/"}]}},"_links":{"self":[{"href":"https:\/\/audibax.com\/fr\/wp-json\/wp\/v2\/posts\/49867","targetHints":{"allow":["GET"]}}],"collection":[{"href":"https:\/\/audibax.com\/fr\/wp-json\/wp\/v2\/posts"}],"about":[{"href":"https:\/\/audibax.com\/fr\/wp-json\/wp\/v2\/types\/post"}],"author":[{"embeddable":true,"href":"https:\/\/audibax.com\/fr\/wp-json\/wp\/v2\/users\/2"}],"replies":[{"embeddable":true,"href":"https:\/\/audibax.com\/fr\/wp-json\/wp\/v2\/comments?post=49867"}],"version-history":[{"count":1,"href":"https:\/\/audibax.com\/fr\/wp-json\/wp\/v2\/posts\/49867\/revisions"}],"predecessor-version":[{"id":49886,"href":"https:\/\/audibax.com\/fr\/wp-json\/wp\/v2\/posts\/49867\/revisions\/49886"}],"wp:featuredmedia":[{"embeddable":true,"href":"https:\/\/audibax.com\/fr\/wp-json\/wp\/v2\/media\/49871"}],"wp:attachment":[{"href":"https:\/\/audibax.com\/fr\/wp-json\/wp\/v2\/media?parent=49867"}],"wp:term":[{"taxonomy":"category","embeddable":true,"href":"https:\/\/audibax.com\/fr\/wp-json\/wp\/v2\/categories?post=49867"},{"taxonomy":"post_tag","embeddable":true,"href":"https:\/\/audibax.com\/fr\/wp-json\/wp\/v2\/tags?post=49867"}],"curies":[{"name":"wp","href":"https:\/\/api.w.org\/{rel}","templated":true}]}}