{"id":49786,"date":"2025-05-20T14:29:00","date_gmt":"2025-05-20T12:29:00","guid":{"rendered":"https:\/\/audibax.com\/?p=49786"},"modified":"2025-05-20T14:29:01","modified_gmt":"2025-05-20T12:29:01","slug":"reusittes-camping-tordera-nacions-cote-brava","status":"publish","type":"post","link":"https:\/\/audibax.com\/fr\/2025\/05\/20\/reusittes-camping-tordera-nacions-cote-brava\/","title":{"rendered":"R\u00c9USITTES: CAMPING TORDERA-NACIONS &#8211; C\u00d4TE BRAVA"},"content":{"rendered":"\n<figure class=\"wp-block-image size-full\"><img fetchpriority=\"high\" decoding=\"async\" width=\"800\" height=\"537\" src=\"https:\/\/audibax.com\/wp-content\/uploads\/2025\/05\/12122023-042702-num1-hebergement_id_2800-1.jpg\" alt=\"\" class=\"wp-image-49788\" srcset=\"https:\/\/audibax.com\/wp-content\/uploads\/2025\/05\/12122023-042702-num1-hebergement_id_2800-1.jpg 800w, https:\/\/audibax.com\/wp-content\/uploads\/2025\/05\/12122023-042702-num1-hebergement_id_2800-1-768x516.jpg 768w, https:\/\/audibax.com\/wp-content\/uploads\/2025\/05\/12122023-042702-num1-hebergement_id_2800-1-300x201.jpg 300w, https:\/\/audibax.com\/wp-content\/uploads\/2025\/05\/12122023-042702-num1-hebergement_id_2800-1-600x403.jpg 600w\" sizes=\"(max-width: 800px) 100vw, 800px\" \/><\/figure>\n\n\n\n<p><strong>Entreprise :<\/strong> Camping Tordera-Nacions \u2013 Costa Brava<br><strong>Lieu:<\/strong> Malgrat de Mar, Espagne<\/p>\n\n\n\n<p>Situ\u00e9 \u00e0 Malgrat de Mar, entre la mer et le parc naturel du Montnegre, le Camping Tordera-Nacions est un complexe de vacances qui allie emplacement strat\u00e9gique et offre compl\u00e8te de services pour toute la famille. Avec un acc\u00e8s direct \u00e0 la plage et de vastes zones de loisirs, il s\u2019est impos\u00e9 comme l\u2019un des campings de r\u00e9f\u00e9rence sur la c\u00f4te du Maresme.<\/p>\n\n\n\n<p>Le site dispose d\u2019installations modernes, d\u2019un programme continu d\u2019activit\u00e9s et d\u2019une infrastructure con\u00e7ue pour accueillir aussi bien des s\u00e9jours tranquilles que des \u00e9v\u00e9nements \u00e0 forte affluence. Son engagement envers la qualit\u00e9 et l\u2019am\u00e9lioration continue en fait un environnement id\u00e9al pour mettre en place des solutions visant \u00e0 optimiser l\u2019exp\u00e9rience des visiteurs.<\/p>\n\n\n\n<figure class=\"wp-block-image size-full\"><img decoding=\"async\" width=\"900\" height=\"500\" src=\"https:\/\/audibax.com\/wp-content\/uploads\/2025\/05\/capfun-camping-la-tordera-1.jpg\" alt=\"\" class=\"wp-image-49791\" srcset=\"https:\/\/audibax.com\/wp-content\/uploads\/2025\/05\/capfun-camping-la-tordera-1.jpg 900w, https:\/\/audibax.com\/wp-content\/uploads\/2025\/05\/capfun-camping-la-tordera-1-768x427.jpg 768w, https:\/\/audibax.com\/wp-content\/uploads\/2025\/05\/capfun-camping-la-tordera-1-300x167.jpg 300w, https:\/\/audibax.com\/wp-content\/uploads\/2025\/05\/capfun-camping-la-tordera-1-600x333.jpg 600w\" sizes=\"(max-width: 900px) 100vw, 900px\" \/><\/figure>\n\n\n\n<p><strong>Industrie:<\/strong> HORECA<\/p>\n\n\n\n<p><strong>Le D\u00e9fi<\/strong><\/p>\n\n\n\n<p>Le Camping Tordera-Nacions avait besoin de renforcer l\u2019\u00e9clairage de sa sc\u00e8ne principale, r\u00e9guli\u00e8rement utilis\u00e9e pour des concerts, des spectacles familiaux et d\u2019autres \u00e9v\u00e9nements en plein air. L\u2019\u00e9quipement existant ne fournissait ni la puissance, ni la couverture, ni la flexibilit\u00e9 n\u00e9cessaires pour garantir une bonne visibilit\u00e9 dans des conditions de faible luminosit\u00e9, ni pour cr\u00e9er des ambiances lumineuses dynamiques adapt\u00e9es aux diff\u00e9rentes animations pr\u00e9vues.<\/p>\n\n\n\n<figure class=\"wp-block-image size-large\"><img decoding=\"async\" width=\"1024\" height=\"609\" src=\"https:\/\/audibax.com\/wp-content\/uploads\/2025\/05\/1000230302-1-1-1024x609.jpg\" alt=\"\" class=\"wp-image-49794\" srcset=\"https:\/\/audibax.com\/wp-content\/uploads\/2025\/05\/1000230302-1-1-1024x609.jpg 1024w, https:\/\/audibax.com\/wp-content\/uploads\/2025\/05\/1000230302-1-1-768x457.jpg 768w, https:\/\/audibax.com\/wp-content\/uploads\/2025\/05\/1000230302-1-1-1536x913.jpg 1536w, https:\/\/audibax.com\/wp-content\/uploads\/2025\/05\/1000230302-1-1-2048x1218.jpg 2048w, https:\/\/audibax.com\/wp-content\/uploads\/2025\/05\/1000230302-1-1-300x178.jpg 300w, https:\/\/audibax.com\/wp-content\/uploads\/2025\/05\/1000230302-1-1-600x357.jpg 600w\" sizes=\"(max-width: 1024px) 100vw, 1024px\" \/><\/figure>\n\n\n\n<p><strong>La Solution<\/strong><\/p>\n\n\n\n<p>Des projecteurs LED professionnels et des lyres motoris\u00e9es ont \u00e9t\u00e9 install\u00e9s, choisis pour leur performance en ext\u00e9rieur et leur efficacit\u00e9 \u00e9nerg\u00e9tique. Pour assurer un montage s\u00e9curis\u00e9 et adaptable, des griffes de fixation compatibles avec la structure de la sc\u00e8ne ont \u00e9galement \u00e9t\u00e9 int\u00e9gr\u00e9es, permettant un ancrage solide et un ajustement pr\u00e9cis de l\u2019orientation des projecteurs selon les besoins de chaque \u00e9v\u00e9nement. Cette installation a permis d\u2019am\u00e9liorer \u00e0 la fois la fonctionnalit\u00e9 et l\u2019esth\u00e9tique des spectacles, en apportant un \u00e9clairage sc\u00e9nique de niveau professionnel.<\/p>\n\n\n\n<p><strong><strong>\u00c9quipements install\u00e9s :<\/strong><\/strong><\/p>\n\n\n\n<ul class=\"wp-block-list\">\n<li>2x <a href=\"https:\/\/audibax.com\/fr\/produit\/iowa-pix-300-black-2\/\">Audibax Iowa Pix 300<\/a><\/li>\n\n\n\n<li>13x <a href=\"https:\/\/audibax.com\/fr\/produit\/dallas-300-black-2\/\">Audibax Dallas 300<\/a><\/li>\n\n\n\n<li>2x <a href=\"https:\/\/audibax.com\/fr\/produit\/monster-beam-7r-black-2\/\">Audibax Monster Beam 7R<\/a><\/li>\n\n\n\n<li>2x <a href=\"https:\/\/audibax.com\/fr\/produit\/silver-coil-bsd100-dmx-100m-black-10116246-2\/\">Audibax Silver BSD100<\/a><\/li>\n\n\n\n<li>6x <a href=\"https:\/\/audibax.com\/fr\/produit\/acp-4851100bk-2\/\">Audibax ACP-4851100BK<\/a><\/li>\n<\/ul>\n\n\n\n<figure class=\"wp-block-image size-large\"><img loading=\"lazy\" decoding=\"async\" width=\"1024\" height=\"658\" src=\"https:\/\/audibax.com\/wp-content\/uploads\/2025\/05\/Captura-de-pantalla-2025-05-20-130039-1-1024x658.png\" alt=\"\" class=\"wp-image-49797\" srcset=\"https:\/\/audibax.com\/wp-content\/uploads\/2025\/05\/Captura-de-pantalla-2025-05-20-130039-1-1024x658.png 1024w, https:\/\/audibax.com\/wp-content\/uploads\/2025\/05\/Captura-de-pantalla-2025-05-20-130039-1-768x494.png 768w, https:\/\/audibax.com\/wp-content\/uploads\/2025\/05\/Captura-de-pantalla-2025-05-20-130039-1-300x193.png 300w, https:\/\/audibax.com\/wp-content\/uploads\/2025\/05\/Captura-de-pantalla-2025-05-20-130039-1-600x386.png 600w, https:\/\/audibax.com\/wp-content\/uploads\/2025\/05\/Captura-de-pantalla-2025-05-20-130039-1.png 1280w\" sizes=\"(max-width: 1024px) 100vw, 1024px\" \/><\/figure>\n","protected":false},"excerpt":{"rendered":"<p>Entreprise : Camping Tordera-Nacions \u2013 Costa BravaLieu: Malgrat de Mar, Espagne Situ\u00e9 \u00e0 Malgrat de Mar, entre la mer et le parc naturel du Montnegre, le Camping Tordera-Nacions est un complexe de vacances qui allie emplacement strat\u00e9gique et offre compl\u00e8te de services pour toute la famille. Avec un acc\u00e8s direct \u00e0 la plage et de [&hellip;]<\/p>\n","protected":false},"author":2,"featured_media":49788,"comment_status":"open","ping_status":"open","sticky":false,"template":"","format":"standard","meta":{"_acf_changed":false,"footnotes":""},"categories":[233],"tags":[],"class_list":["post-49786","post","type-post","status-publish","format-standard","has-post-thumbnail","hentry","category-non-classifiee"],"acf":[],"yoast_head":"<!-- This site is optimized with the Yoast SEO plugin v27.0 - https:\/\/yoast.com\/product\/yoast-seo-wordpress\/ -->\n<title>R\u00c9USITTES: CAMPING TORDERA-NACIONS - C\u00d4TE BRAVA - Audibax<\/title>\n<meta name=\"robots\" content=\"index, follow, max-snippet:-1, max-image-preview:large, max-video-preview:-1\" \/>\n<link rel=\"canonical\" href=\"https:\/\/audibax.com\/fr\/2025\/05\/20\/reusittes-camping-tordera-nacions-cote-brava\/\" \/>\n<meta property=\"og:locale\" content=\"fr_FR\" \/>\n<meta property=\"og:type\" content=\"article\" \/>\n<meta property=\"og:title\" content=\"R\u00c9USITTES: CAMPING TORDERA-NACIONS - C\u00d4TE BRAVA - Audibax\" \/>\n<meta property=\"og:description\" content=\"Entreprise : Camping Tordera-Nacions \u2013 Costa BravaLieu: Malgrat de Mar, Espagne Situ\u00e9 \u00e0 Malgrat de Mar, entre la mer et le parc naturel du Montnegre, le Camping Tordera-Nacions est un complexe de vacances qui allie emplacement strat\u00e9gique et offre compl\u00e8te de services pour toute la famille. Avec un acc\u00e8s direct \u00e0 la plage et de [&hellip;]\" \/>\n<meta property=\"og:url\" content=\"https:\/\/audibax.com\/fr\/2025\/05\/20\/reusittes-camping-tordera-nacions-cote-brava\/\" \/>\n<meta property=\"og:site_name\" content=\"Audibax\" \/>\n<meta property=\"article:published_time\" content=\"2025-05-20T12:29:00+00:00\" \/>\n<meta property=\"article:modified_time\" content=\"2025-05-20T12:29:01+00:00\" \/>\n<meta property=\"og:image\" content=\"https:\/\/audibax.com\/wp-content\/uploads\/2025\/05\/12122023-042702-num1-hebergement_id_2800-1.jpg\" \/>\n\t<meta property=\"og:image:width\" content=\"800\" \/>\n\t<meta property=\"og:image:height\" content=\"537\" \/>\n\t<meta property=\"og:image:type\" content=\"image\/jpeg\" \/>\n<meta name=\"author\" content=\"Sergio\" \/>\n<meta name=\"twitter:card\" content=\"summary_large_image\" \/>\n<meta name=\"twitter:label1\" content=\"\u00c9crit par\" \/>\n\t<meta name=\"twitter:data1\" content=\"Sergio\" \/>\n\t<meta name=\"twitter:label2\" content=\"Dur\u00e9e de lecture estim\u00e9e\" \/>\n\t<meta name=\"twitter:data2\" content=\"3 minutes\" \/>\n<script type=\"application\/ld+json\" class=\"yoast-schema-graph\">{\"@context\":\"https:\/\/schema.org\",\"@graph\":[{\"@type\":\"Article\",\"@id\":\"https:\/\/audibax.com\/fr\/2025\/05\/20\/reusittes-camping-tordera-nacions-cote-brava\/#article\",\"isPartOf\":{\"@id\":\"https:\/\/audibax.com\/fr\/2025\/05\/20\/reusittes-camping-tordera-nacions-cote-brava\/\"},\"author\":{\"name\":\"Sergio\",\"@id\":\"https:\/\/audibax.com\/fr\/#\/schema\/person\/4ab11b37ab91df8d4fa123dc4dd5cb58\"},\"headline\":\"R\u00c9USITTES: CAMPING TORDERA-NACIONS &#8211; C\u00d4TE BRAVA\",\"datePublished\":\"2025-05-20T12:29:00+00:00\",\"dateModified\":\"2025-05-20T12:29:01+00:00\",\"mainEntityOfPage\":{\"@id\":\"https:\/\/audibax.com\/fr\/2025\/05\/20\/reusittes-camping-tordera-nacions-cote-brava\/\"},\"wordCount\":352,\"commentCount\":0,\"publisher\":{\"@id\":\"https:\/\/audibax.com\/fr\/#organization\"},\"image\":{\"@id\":\"https:\/\/audibax.com\/fr\/2025\/05\/20\/reusittes-camping-tordera-nacions-cote-brava\/#primaryimage\"},\"thumbnailUrl\":\"https:\/\/audibax.com\/wp-content\/uploads\/2025\/05\/12122023-042702-num1-hebergement_id_2800-1.jpg\",\"articleSection\":[\"Non classifi\u00e9(e)\"],\"inLanguage\":\"fr-FR\",\"potentialAction\":[{\"@type\":\"CommentAction\",\"name\":\"Comment\",\"target\":[\"https:\/\/audibax.com\/fr\/2025\/05\/20\/reusittes-camping-tordera-nacions-cote-brava\/#respond\"]}]},{\"@type\":\"WebPage\",\"@id\":\"https:\/\/audibax.com\/fr\/2025\/05\/20\/reusittes-camping-tordera-nacions-cote-brava\/\",\"url\":\"https:\/\/audibax.com\/fr\/2025\/05\/20\/reusittes-camping-tordera-nacions-cote-brava\/\",\"name\":\"R\u00c9USITTES: CAMPING TORDERA-NACIONS - C\u00d4TE BRAVA - Audibax\",\"isPartOf\":{\"@id\":\"https:\/\/audibax.com\/fr\/#website\"},\"primaryImageOfPage\":{\"@id\":\"https:\/\/audibax.com\/fr\/2025\/05\/20\/reusittes-camping-tordera-nacions-cote-brava\/#primaryimage\"},\"image\":{\"@id\":\"https:\/\/audibax.com\/fr\/2025\/05\/20\/reusittes-camping-tordera-nacions-cote-brava\/#primaryimage\"},\"thumbnailUrl\":\"https:\/\/audibax.com\/wp-content\/uploads\/2025\/05\/12122023-042702-num1-hebergement_id_2800-1.jpg\",\"datePublished\":\"2025-05-20T12:29:00+00:00\",\"dateModified\":\"2025-05-20T12:29:01+00:00\",\"breadcrumb\":{\"@id\":\"https:\/\/audibax.com\/fr\/2025\/05\/20\/reusittes-camping-tordera-nacions-cote-brava\/#breadcrumb\"},\"inLanguage\":\"fr-FR\",\"potentialAction\":[{\"@type\":\"ReadAction\",\"target\":[\"https:\/\/audibax.com\/fr\/2025\/05\/20\/reusittes-camping-tordera-nacions-cote-brava\/\"]}]},{\"@type\":\"ImageObject\",\"inLanguage\":\"fr-FR\",\"@id\":\"https:\/\/audibax.com\/fr\/2025\/05\/20\/reusittes-camping-tordera-nacions-cote-brava\/#primaryimage\",\"url\":\"https:\/\/audibax.com\/wp-content\/uploads\/2025\/05\/12122023-042702-num1-hebergement_id_2800-1.jpg\",\"contentUrl\":\"https:\/\/audibax.com\/wp-content\/uploads\/2025\/05\/12122023-042702-num1-hebergement_id_2800-1.jpg\",\"width\":800,\"height\":537},{\"@type\":\"BreadcrumbList\",\"@id\":\"https:\/\/audibax.com\/fr\/2025\/05\/20\/reusittes-camping-tordera-nacions-cote-brava\/#breadcrumb\",\"itemListElement\":[{\"@type\":\"ListItem\",\"position\":1,\"name\":\"Portada\",\"item\":\"https:\/\/audibax.com\/fr\/\"},{\"@type\":\"ListItem\",\"position\":2,\"name\":\"R\u00c9USITTES: CAMPING TORDERA-NACIONS &#8211; C\u00d4TE BRAVA\"}]},{\"@type\":\"WebSite\",\"@id\":\"https:\/\/audibax.com\/fr\/#website\",\"url\":\"https:\/\/audibax.com\/fr\/\",\"name\":\"Audibax\",\"description\":\"\",\"publisher\":{\"@id\":\"https:\/\/audibax.com\/fr\/#organization\"},\"potentialAction\":[{\"@type\":\"SearchAction\",\"target\":{\"@type\":\"EntryPoint\",\"urlTemplate\":\"https:\/\/audibax.com\/fr\/?s={search_term_string}\"},\"query-input\":{\"@type\":\"PropertyValueSpecification\",\"valueRequired\":true,\"valueName\":\"search_term_string\"}}],\"inLanguage\":\"fr-FR\"},{\"@type\":\"Organization\",\"@id\":\"https:\/\/audibax.com\/fr\/#organization\",\"name\":\"Audibax\",\"url\":\"https:\/\/audibax.com\/fr\/\",\"logo\":{\"@type\":\"ImageObject\",\"inLanguage\":\"fr-FR\",\"@id\":\"https:\/\/audibax.com\/fr\/#\/schema\/logo\/image\/\",\"url\":\"https:\/\/audibax.com\/wp-content\/uploads\/2023\/09\/logo-Audibax-BLANCO-SVG-1.svg\",\"contentUrl\":\"https:\/\/audibax.com\/wp-content\/uploads\/2023\/09\/logo-Audibax-BLANCO-SVG-1.svg\",\"caption\":\"Audibax\"},\"image\":{\"@id\":\"https:\/\/audibax.com\/fr\/#\/schema\/logo\/image\/\"}},{\"@type\":\"Person\",\"@id\":\"https:\/\/audibax.com\/fr\/#\/schema\/person\/4ab11b37ab91df8d4fa123dc4dd5cb58\",\"name\":\"Sergio\",\"image\":{\"@type\":\"ImageObject\",\"inLanguage\":\"fr-FR\",\"@id\":\"https:\/\/audibax.com\/fr\/#\/schema\/person\/image\/\",\"url\":\"https:\/\/secure.gravatar.com\/avatar\/09e5e89ed179b61b7bcccb633a7ccccd05b3a570b21ec7c5ef9c27072a98b696?s=96&d=mm&r=g\",\"contentUrl\":\"https:\/\/secure.gravatar.com\/avatar\/09e5e89ed179b61b7bcccb633a7ccccd05b3a570b21ec7c5ef9c27072a98b696?s=96&d=mm&r=g\",\"caption\":\"Sergio\"},\"url\":\"https:\/\/audibax.com\/fr\/author\/sergio\/\"}]}<\/script>\n<!-- \/ Yoast SEO plugin. -->","yoast_head_json":{"title":"R\u00c9USITTES: CAMPING TORDERA-NACIONS - C\u00d4TE BRAVA - Audibax","robots":{"index":"index","follow":"follow","max-snippet":"max-snippet:-1","max-image-preview":"max-image-preview:large","max-video-preview":"max-video-preview:-1"},"canonical":"https:\/\/audibax.com\/fr\/2025\/05\/20\/reusittes-camping-tordera-nacions-cote-brava\/","og_locale":"fr_FR","og_type":"article","og_title":"R\u00c9USITTES: CAMPING TORDERA-NACIONS - C\u00d4TE BRAVA - Audibax","og_description":"Entreprise : Camping Tordera-Nacions \u2013 Costa BravaLieu: Malgrat de Mar, Espagne Situ\u00e9 \u00e0 Malgrat de Mar, entre la mer et le parc naturel du Montnegre, le Camping Tordera-Nacions est un complexe de vacances qui allie emplacement strat\u00e9gique et offre compl\u00e8te de services pour toute la famille. Avec un acc\u00e8s direct \u00e0 la plage et de [&hellip;]","og_url":"https:\/\/audibax.com\/fr\/2025\/05\/20\/reusittes-camping-tordera-nacions-cote-brava\/","og_site_name":"Audibax","article_published_time":"2025-05-20T12:29:00+00:00","article_modified_time":"2025-05-20T12:29:01+00:00","og_image":[{"width":800,"height":537,"url":"https:\/\/audibax.com\/wp-content\/uploads\/2025\/05\/12122023-042702-num1-hebergement_id_2800-1.jpg","type":"image\/jpeg"}],"author":"Sergio","twitter_card":"summary_large_image","twitter_misc":{"\u00c9crit par":"Sergio","Dur\u00e9e de lecture estim\u00e9e":"3 minutes"},"schema":{"@context":"https:\/\/schema.org","@graph":[{"@type":"Article","@id":"https:\/\/audibax.com\/fr\/2025\/05\/20\/reusittes-camping-tordera-nacions-cote-brava\/#article","isPartOf":{"@id":"https:\/\/audibax.com\/fr\/2025\/05\/20\/reusittes-camping-tordera-nacions-cote-brava\/"},"author":{"name":"Sergio","@id":"https:\/\/audibax.com\/fr\/#\/schema\/person\/4ab11b37ab91df8d4fa123dc4dd5cb58"},"headline":"R\u00c9USITTES: CAMPING TORDERA-NACIONS &#8211; C\u00d4TE BRAVA","datePublished":"2025-05-20T12:29:00+00:00","dateModified":"2025-05-20T12:29:01+00:00","mainEntityOfPage":{"@id":"https:\/\/audibax.com\/fr\/2025\/05\/20\/reusittes-camping-tordera-nacions-cote-brava\/"},"wordCount":352,"commentCount":0,"publisher":{"@id":"https:\/\/audibax.com\/fr\/#organization"},"image":{"@id":"https:\/\/audibax.com\/fr\/2025\/05\/20\/reusittes-camping-tordera-nacions-cote-brava\/#primaryimage"},"thumbnailUrl":"https:\/\/audibax.com\/wp-content\/uploads\/2025\/05\/12122023-042702-num1-hebergement_id_2800-1.jpg","articleSection":["Non classifi\u00e9(e)"],"inLanguage":"fr-FR","potentialAction":[{"@type":"CommentAction","name":"Comment","target":["https:\/\/audibax.com\/fr\/2025\/05\/20\/reusittes-camping-tordera-nacions-cote-brava\/#respond"]}]},{"@type":"WebPage","@id":"https:\/\/audibax.com\/fr\/2025\/05\/20\/reusittes-camping-tordera-nacions-cote-brava\/","url":"https:\/\/audibax.com\/fr\/2025\/05\/20\/reusittes-camping-tordera-nacions-cote-brava\/","name":"R\u00c9USITTES: CAMPING TORDERA-NACIONS - C\u00d4TE BRAVA - Audibax","isPartOf":{"@id":"https:\/\/audibax.com\/fr\/#website"},"primaryImageOfPage":{"@id":"https:\/\/audibax.com\/fr\/2025\/05\/20\/reusittes-camping-tordera-nacions-cote-brava\/#primaryimage"},"image":{"@id":"https:\/\/audibax.com\/fr\/2025\/05\/20\/reusittes-camping-tordera-nacions-cote-brava\/#primaryimage"},"thumbnailUrl":"https:\/\/audibax.com\/wp-content\/uploads\/2025\/05\/12122023-042702-num1-hebergement_id_2800-1.jpg","datePublished":"2025-05-20T12:29:00+00:00","dateModified":"2025-05-20T12:29:01+00:00","breadcrumb":{"@id":"https:\/\/audibax.com\/fr\/2025\/05\/20\/reusittes-camping-tordera-nacions-cote-brava\/#breadcrumb"},"inLanguage":"fr-FR","potentialAction":[{"@type":"ReadAction","target":["https:\/\/audibax.com\/fr\/2025\/05\/20\/reusittes-camping-tordera-nacions-cote-brava\/"]}]},{"@type":"ImageObject","inLanguage":"fr-FR","@id":"https:\/\/audibax.com\/fr\/2025\/05\/20\/reusittes-camping-tordera-nacions-cote-brava\/#primaryimage","url":"https:\/\/audibax.com\/wp-content\/uploads\/2025\/05\/12122023-042702-num1-hebergement_id_2800-1.jpg","contentUrl":"https:\/\/audibax.com\/wp-content\/uploads\/2025\/05\/12122023-042702-num1-hebergement_id_2800-1.jpg","width":800,"height":537},{"@type":"BreadcrumbList","@id":"https:\/\/audibax.com\/fr\/2025\/05\/20\/reusittes-camping-tordera-nacions-cote-brava\/#breadcrumb","itemListElement":[{"@type":"ListItem","position":1,"name":"Portada","item":"https:\/\/audibax.com\/fr\/"},{"@type":"ListItem","position":2,"name":"R\u00c9USITTES: CAMPING TORDERA-NACIONS &#8211; C\u00d4TE BRAVA"}]},{"@type":"WebSite","@id":"https:\/\/audibax.com\/fr\/#website","url":"https:\/\/audibax.com\/fr\/","name":"Audibax","description":"","publisher":{"@id":"https:\/\/audibax.com\/fr\/#organization"},"potentialAction":[{"@type":"SearchAction","target":{"@type":"EntryPoint","urlTemplate":"https:\/\/audibax.com\/fr\/?s={search_term_string}"},"query-input":{"@type":"PropertyValueSpecification","valueRequired":true,"valueName":"search_term_string"}}],"inLanguage":"fr-FR"},{"@type":"Organization","@id":"https:\/\/audibax.com\/fr\/#organization","name":"Audibax","url":"https:\/\/audibax.com\/fr\/","logo":{"@type":"ImageObject","inLanguage":"fr-FR","@id":"https:\/\/audibax.com\/fr\/#\/schema\/logo\/image\/","url":"https:\/\/audibax.com\/wp-content\/uploads\/2023\/09\/logo-Audibax-BLANCO-SVG-1.svg","contentUrl":"https:\/\/audibax.com\/wp-content\/uploads\/2023\/09\/logo-Audibax-BLANCO-SVG-1.svg","caption":"Audibax"},"image":{"@id":"https:\/\/audibax.com\/fr\/#\/schema\/logo\/image\/"}},{"@type":"Person","@id":"https:\/\/audibax.com\/fr\/#\/schema\/person\/4ab11b37ab91df8d4fa123dc4dd5cb58","name":"Sergio","image":{"@type":"ImageObject","inLanguage":"fr-FR","@id":"https:\/\/audibax.com\/fr\/#\/schema\/person\/image\/","url":"https:\/\/secure.gravatar.com\/avatar\/09e5e89ed179b61b7bcccb633a7ccccd05b3a570b21ec7c5ef9c27072a98b696?s=96&d=mm&r=g","contentUrl":"https:\/\/secure.gravatar.com\/avatar\/09e5e89ed179b61b7bcccb633a7ccccd05b3a570b21ec7c5ef9c27072a98b696?s=96&d=mm&r=g","caption":"Sergio"},"url":"https:\/\/audibax.com\/fr\/author\/sergio\/"}]}},"_links":{"self":[{"href":"https:\/\/audibax.com\/fr\/wp-json\/wp\/v2\/posts\/49786","targetHints":{"allow":["GET"]}}],"collection":[{"href":"https:\/\/audibax.com\/fr\/wp-json\/wp\/v2\/posts"}],"about":[{"href":"https:\/\/audibax.com\/fr\/wp-json\/wp\/v2\/types\/post"}],"author":[{"embeddable":true,"href":"https:\/\/audibax.com\/fr\/wp-json\/wp\/v2\/users\/2"}],"replies":[{"embeddable":true,"href":"https:\/\/audibax.com\/fr\/wp-json\/wp\/v2\/comments?post=49786"}],"version-history":[{"count":1,"href":"https:\/\/audibax.com\/fr\/wp-json\/wp\/v2\/posts\/49786\/revisions"}],"predecessor-version":[{"id":49800,"href":"https:\/\/audibax.com\/fr\/wp-json\/wp\/v2\/posts\/49786\/revisions\/49800"}],"wp:featuredmedia":[{"embeddable":true,"href":"https:\/\/audibax.com\/fr\/wp-json\/wp\/v2\/media\/49788"}],"wp:attachment":[{"href":"https:\/\/audibax.com\/fr\/wp-json\/wp\/v2\/media?parent=49786"}],"wp:term":[{"taxonomy":"category","embeddable":true,"href":"https:\/\/audibax.com\/fr\/wp-json\/wp\/v2\/categories?post=49786"},{"taxonomy":"post_tag","embeddable":true,"href":"https:\/\/audibax.com\/fr\/wp-json\/wp\/v2\/tags?post=49786"}],"curies":[{"name":"wp","href":"https:\/\/api.w.org\/{rel}","templated":true}]}}